{"id":116,"date":"2014-04-22T10:30:52","date_gmt":"2014-04-22T09:30:52","guid":{"rendered":"http:\/\/paws.cz\/?p=116"},"modified":"2014-04-22T14:46:55","modified_gmt":"2014-04-22T13:46:55","slug":"russell-na-sumave","status":"publish","type":"post","link":"http:\/\/paws.cz\/?p=116","title":{"rendered":"Russell na \u0160umav\u011b"},"content":{"rendered":"<p><a href=\"http:\/\/paws.cz\/wp-content\/uploads\/2014\/04\/IMGP8603.jpg\"><img loading=\"lazy\" src=\"http:\/\/paws.cz\/wp-content\/uploads\/2014\/04\/IMGP8603-300x199.jpg\" alt=\"Sova\" width=\"300\" height=\"199\" class=\"alignright size-medium wp-image-117\" srcset=\"http:\/\/paws.cz\/wp-content\/uploads\/2014\/04\/IMGP8603-300x199.jpg 300w, http:\/\/paws.cz\/wp-content\/uploads\/2014\/04\/IMGP8603-624x414.jpg 624w, http:\/\/paws.cz\/wp-content\/uploads\/2014\/04\/IMGP8603.jpg 1024w\" sizes=\"(max-width: 300px) 100vw, 300px\" \/><\/a><br \/>\n<a href=\"http:\/\/paws.cz\/wp-content\/uploads\/2014\/04\/IMGP8679.jpg\"><img loading=\"lazy\" src=\"http:\/\/paws.cz\/wp-content\/uploads\/2014\/04\/IMGP8679-300x199.jpg\" alt=\"U\u017eovka\" width=\"300\" height=\"199\" class=\"alignright size-medium wp-image-118\" srcset=\"http:\/\/paws.cz\/wp-content\/uploads\/2014\/04\/IMGP8679-300x199.jpg 300w, http:\/\/paws.cz\/wp-content\/uploads\/2014\/04\/IMGP8679-624x414.jpg 624w, http:\/\/paws.cz\/wp-content\/uploads\/2014\/04\/IMGP8679.jpg 1024w\" sizes=\"(max-width: 300px) 100vw, 300px\" \/><\/a><br \/>\nO velikono\u010dn\u00edch sv\u00e1tc\u00edch si Armin a Jack vzali dovolenou a jeli na \u0160umavu. Ubytovali jsme se v za\u0159\u00edzen\u00ed spravovan\u00e9m N\u00e1rodn\u00edm parkem v Borov\u00e9 Lad\u011b. Kame\u0148\u00e1k m\u016f\u017eeme v\u0159ele doporu\u010dit, jedn\u00e1 se o velmi solidn\u00ed ubytovnu. Odtud jsme vyr\u00e1\u017eeli do okol\u00ed, hlavn\u011b sm\u011brem k hranic\u00edm s N\u011bmeckem. \u017de jsme se pro\u0161li a\u017e b\u011bda je jedna v\u011bc, ale \u017ee jsme si p\u0159ivezli sn\u00edmky jako nikdy d\u0159\u00edv je to hlavn\u00ed. Prvn\u00edm \u00falovkem byla sova p\u00e1len\u00e1. Neb\u00fdt tr\u010d\u00edc\u00edho k\u0159\u00eddla jist\u011b bychom si j\u00ed nev\u0161imli, p\u0159i dal\u0161\u00edm obch\u00e1zen\u00ed stromu a hled\u00e1n\u00ed dobr\u00e9 pozice pro focen\u00ed, t\u00e9m\u011b\u0159 splynula se stromem. D\u00edky vzoru a zbarven\u00ed pe\u0159\u00ed vypadala jej\u00ed hlava zezadu jako kus k\u016fry. Z druh\u00e9 strany ale byla vid\u011bt par\u00e1dn\u011b.<br \/>\n<a href=\"http:\/\/paws.cz\/wp-content\/uploads\/2014\/04\/IMGP8711.jpg\"><img loading=\"lazy\" src=\"http:\/\/paws.cz\/wp-content\/uploads\/2014\/04\/IMGP8711-300x199.jpg\" alt=\"\u010cerven\u00fd brouk\" width=\"300\" height=\"199\" class=\"alignleft size-medium wp-image-119\" srcset=\"http:\/\/paws.cz\/wp-content\/uploads\/2014\/04\/IMGP8711-300x199.jpg 300w, http:\/\/paws.cz\/wp-content\/uploads\/2014\/04\/IMGP8711-624x414.jpg 624w, http:\/\/paws.cz\/wp-content\/uploads\/2014\/04\/IMGP8711.jpg 1024w\" sizes=\"(max-width: 300px) 100vw, 300px\" \/><\/a><br \/>\n<a href=\"http:\/\/paws.cz\/wp-content\/uploads\/2014\/04\/IMGP8727.jpg\"><img loading=\"lazy\" src=\"http:\/\/paws.cz\/wp-content\/uploads\/2014\/04\/IMGP8727-300x199.jpg\" alt=\"Zmije\" width=\"300\" height=\"199\" class=\"alignleft size-medium wp-image-120\" srcset=\"http:\/\/paws.cz\/wp-content\/uploads\/2014\/04\/IMGP8727-300x199.jpg 300w, http:\/\/paws.cz\/wp-content\/uploads\/2014\/04\/IMGP8727-624x414.jpg 624w, http:\/\/paws.cz\/wp-content\/uploads\/2014\/04\/IMGP8727.jpg 1024w\" sizes=\"(max-width: 300px) 100vw, 300px\" \/><\/a><br \/>\n<div id=\"attachment_121\" style=\"width: 310px\" class=\"wp-caption alignleft\"><a href=\"http:\/\/paws.cz\/wp-content\/uploads\/2014\/04\/IMGP8743.jpg\"><img aria-describedby=\"caption-attachment-121\" loading=\"lazy\" src=\"http:\/\/paws.cz\/wp-content\/uploads\/2014\/04\/IMGP8743-300x199.jpg\" alt=\"V lev\u00e9 horn\u00ed \u010dtvrtin\u011b obr\u00e1zku.\" width=\"300\" height=\"199\" class=\"size-medium wp-image-121\" srcset=\"http:\/\/paws.cz\/wp-content\/uploads\/2014\/04\/IMGP8743-300x199.jpg 300w, http:\/\/paws.cz\/wp-content\/uploads\/2014\/04\/IMGP8743-624x414.jpg 624w, http:\/\/paws.cz\/wp-content\/uploads\/2014\/04\/IMGP8743.jpg 1024w\" sizes=\"(max-width: 300px) 100vw, 300px\" \/><\/a><p id=\"caption-attachment-121\" class=\"wp-caption-text\">V lev\u00e9 horn\u00ed \u010dtvrtin\u011b obr\u00e1zku.<\/p><\/div><br \/>\nDruh\u00fd den jsme zabodovali znovu, kdy\u017e jsme na ji\u017en\u00edm svahu zahl\u00e9dli a zv\u011b\u010dnili u\u017eovku. Chv\u00edli se nechala fotografovat a pak elegantn\u011b zmizela pod list\u00edm.<\/p>\n<p>Posledn\u00ed den byl nejplodnj\u0161\u00ed. Jednoduch\u00e9 bylo nafotografovat \u010derven\u00e9 kl\u00ed\u0161t\u011b (po tro\u0161e p\u00e1tr\u00e1n\u00ed sametka rud\u00e1). Trochu odvahy nav\u00edc u\u017e vy\u017eadovalo focen\u00ed zmije. A na posledn\u00edm sn\u00edmku je rozmazan\u00fd tet\u0159ev, kter\u00e9ho jsem nestihl po\u0159\u00e1dn\u011b zachytit.<\/p>\n<p>Krom\u011b toho co se n\u00e1m poda\u0159ilo vyfotit m\u00e1m samoz\u0159ejm\u011b je\u0161t\u011b dal\u0161\u00ed setk\u00e1n\u00ed s divokou zv\u011b\u0159\u00ed, nejv\u011bt\u0161\u00ed z nich byl jelen, kter\u00e9ho jsem vid\u011bl tak z pades\u00e1t\u00ed a\u017e sedmdes\u00e1ti metr\u016f. Mnohem bl\u00ed\u017ee m\u011b z lesa vyhopkal zaj\u00edc, oto\u010dil se na pat\u011b a zmizel v hou\u0161t\u00ed. D\u00e1le jsem potkal samici tet\u0159eva\/ba\u017eanta, to ale bylo tak necel\u00fdch sto metr\u016f, tak\u017ee nev\u00edm jist\u011b. Hn\u011bd\u00fd pt\u00e1k s krkem a p\u011bkn\u00fdm ocasem, kter\u00fd se hned sebral a let\u011bl pry\u010d. <\/p>\n","protected":false},"excerpt":{"rendered":"<p>O velikono\u010dn\u00edch sv\u00e1tc\u00edch si Armin a Jack vzali dovolenou a jeli na \u0160umavu. Ubytovali jsme se v za\u0159\u00edzen\u00ed spravovan\u00e9m N\u00e1rodn\u00edm parkem v Borov\u00e9 Lad\u011b. Kame\u0148\u00e1k m\u016f\u017eeme v\u0159ele doporu\u010dit, jedn\u00e1 se o velmi solidn\u00ed ubytovnu. Odtud jsme vyr\u00e1\u017eeli do okol\u00ed, hlavn\u011b sm\u011brem k hranic\u00edm s N\u011bmeckem. \u017de jsme se pro\u0161li a\u017e b\u011bda je jedna v\u011bc, ale [&hellip;]<\/p>\n","protected":false},"author":1,"featured_media":0,"comment_status":"open","ping_status":"open","sticky":false,"template":"","format":"standard","meta":[],"categories":[1],"tags":[],"_links":{"self":[{"href":"http:\/\/paws.cz\/index.php?rest_route=\/wp\/v2\/posts\/116"}],"collection":[{"href":"http:\/\/paws.cz\/index.php?rest_route=\/wp\/v2\/posts"}],"about":[{"href":"http:\/\/paws.cz\/index.php?rest_route=\/wp\/v2\/types\/post"}],"author":[{"embeddable":true,"href":"http:\/\/paws.cz\/index.php?rest_route=\/wp\/v2\/users\/1"}],"replies":[{"embeddable":true,"href":"http:\/\/paws.cz\/index.php?rest_route=%2Fwp%2Fv2%2Fcomments&post=116"}],"version-history":[{"count":5,"href":"http:\/\/paws.cz\/index.php?rest_route=\/wp\/v2\/posts\/116\/revisions"}],"predecessor-version":[{"id":126,"href":"http:\/\/paws.cz\/index.php?rest_route=\/wp\/v2\/posts\/116\/revisions\/126"}],"wp:attachment":[{"href":"http:\/\/paws.cz\/index.php?rest_route=%2Fwp%2Fv2%2Fmedia&parent=116"}],"wp:term":[{"taxonomy":"category","embeddable":true,"href":"http:\/\/paws.cz\/index.php?rest_route=%2Fwp%2Fv2%2Fcategories&post=116"},{"taxonomy":"post_tag","embeddable":true,"href":"http:\/\/paws.cz\/index.php?rest_route=%2Fwp%2Fv2%2Ftags&post=116"}],"curies":[{"name":"wp","href":"https:\/\/api.w.org\/{rel}","templated":true}]}}